{"id":337,"date":"2025-05-12T21:20:12","date_gmt":"2025-05-12T19:20:12","guid":{"rendered":"https:\/\/www.irpcservis.sk\/?p=337"},"modified":"2025-05-12T21:21:32","modified_gmt":"2025-05-12T19:21:32","slug":"ako-sa-europa-chysta-do-cela-globalnej-ai-revolucie-akcny-plan-ai-continent","status":"publish","type":"post","link":"https:\/\/www.irpcservis.sk\/index.php\/2025\/05\/12\/ako-sa-europa-chysta-do-cela-globalnej-ai-revolucie-akcny-plan-ai-continent\/","title":{"rendered":"Ako sa Eur\u00f3pa chyst\u00e1 do \u010dela glob\u00e1lnej AI revol\u00facie: Ak\u010dn\u00fd pl\u00e1n \u201eAI Continent\u201c"},"content":{"rendered":"\n<p><\/p>\n\n\n\n<p>V apr\u00edli 2025 Eur\u00f3pska komisia predstavila ambici\u00f3zny <strong>Ak\u010dn\u00fd pl\u00e1n \u201eAI Continent\u201c<\/strong>, ktor\u00e9ho cie\u013eom je pretvori\u0165 Eur\u00f3pu na ved\u00faci kontinent v oblasti umelej inteligencie. Pre na\u0161ich \u010ditate\u013eov som pripravila detailn\u00fd poh\u013ead na p\u00e4\u0165 hlavn\u00fdch pilierov tohto pl\u00e1nu, jeho praktick\u00e9 dopady a to, \u010do m\u00f4\u017eeme o\u010dak\u00e1va\u0165 v najbli\u017e\u0161\u00edch mesiacoch a rokoch.<\/p>\n\n\n\n<!--more-->\n\n\n\n<h2 class=\"wp-block-heading\">1. Budovanie silnej d\u00e1tovo-v\u00fdpo\u010dtovej infra\u0161trukt\u00fary<\/h2>\n\n\n\n<p>Z\u00e1kladom celej iniciat\u00edvy s\u00fa nov\u00e9 v\u00fdpo\u010dtov\u00e9 centr\u00e1:<\/p>\n\n\n\n<ul class=\"wp-block-list\">\n<li><strong>AI Factory<\/strong>: Vytvoria sa 13 region\u00e1lnych centier napojen\u00fdch na superpo\u010d\u00edta\u010de, ktor\u00e9 umo\u017enia v\u00fdvoj AI modelov najnov\u0161ej gener\u00e1cie. V t\u00fdchto centr\u00e1ch bud\u00fa ma\u0165 pr\u00edstup k v\u00fdkonn\u00fdm zdrojom nielen ve\u013ek\u00e9 podniky, ale aj za\u010d\u00ednaj\u00face startupy a akademick\u00ed v\u00fdskumn\u00edci.<\/li>\n\n\n\n<li><strong>AI Gigafactory<\/strong>: E\u0161te v\u00fdkromnej\u0161ie zariadenia s pribli\u017ene 100-tis\u00edc AI \u010dipmi, ur\u010den\u00e9 na tr\u00e9ning extr\u00e9mne n\u00e1ro\u010dn\u00fdch modelov (napr\u00edklad generat\u00edvne siete s miliardami parametrov). Pre ich vznik Komisia spustila fond <strong>InvestAI<\/strong>, zameran\u00fd na pril\u00e1kanie 20 mili\u00e1rd eur na vybudovanie a\u017e piatich tak\u00fdchto gigafabr\u00edk po celej E\u00da.<\/li>\n<\/ul>\n\n\n\n<p>S\u00fa\u010das\u0165ou bal\u00edka je aj n\u00e1vrh <strong>Cloud and AI Development Act<\/strong>, ktor\u00fdm chce Eur\u00f3pska \u00fania ztrojn\u00e1sobi\u0165 kapacitu svojich d\u00e1tov\u00fdch centier po\u010das nasleduj\u00facich 5\u20137 rokov pri zachovan\u00ed maxim\u00e1lnej energetickej a ekologickej efektivity.<\/p>\n\n\n\n<figure class=\"wp-block-image size-large\"><img loading=\"lazy\" decoding=\"async\" width=\"1024\" height=\"512\" src=\"https:\/\/www.irpcservis.sk\/wp-content\/uploads\/2025\/05\/AI-factories-visuals-1024x512.jpg\" alt=\"jednotlive fabriky v EU ktore sa maju podielat na veducom postaveni EU v priemysle AI\" class=\"wp-image-338\" title=\"EU-AI-ACT-title\" srcset=\"https:\/\/www.irpcservis.sk\/wp-content\/uploads\/2025\/05\/AI-factories-visuals-1024x512.jpg 1024w, https:\/\/www.irpcservis.sk\/wp-content\/uploads\/2025\/05\/AI-factories-visuals-300x150.jpg 300w, https:\/\/www.irpcservis.sk\/wp-content\/uploads\/2025\/05\/AI-factories-visuals-768x384.jpg 768w, https:\/\/www.irpcservis.sk\/wp-content\/uploads\/2025\/05\/AI-factories-visuals-1536x768.jpg 1536w, https:\/\/www.irpcservis.sk\/wp-content\/uploads\/2025\/05\/AI-factories-visuals.jpg 1984w\" sizes=\"auto, (max-width: 1024px) 100vw, 1024px\" \/><figcaption class=\"wp-element-caption\"><em><sub>image: google &#8211; AI EU factories<\/sub><\/em><\/figcaption><\/figure>\n\n\n\n<h2 class=\"wp-block-heading\">2. Jednotn\u00fd vn\u00fatorn\u00fd trh pre d\u00e1ta<\/h2>\n\n\n\n<p>K\u013e\u00fa\u010dovou prek\u00e1\u017ekou rozvoja AI v Eur\u00f3pe je fragment\u00e1cia d\u00e1t. Aby sa to zmenilo, Komisia:<\/p>\n\n\n\n<ul class=\"wp-block-list\">\n<li>Zriadila <strong>Data Labs<\/strong> pri ka\u017edej AI Factory, kde bud\u00fa odborn\u00edci pom\u00e1ha\u0165 s vyh\u013ead\u00e1van\u00edm, spracovan\u00edm a anonymiz\u00e1ciou ve\u013ek\u00fdch mno\u017e\u00edn d\u00e1t z r\u00f4znych odvetv\u00ed \u2013 od zdravotn\u00edctva a\u017e po priemysel.<\/li>\n\n\n\n<li>Pripravuje <strong>Strat\u00e9giu Data Union<\/strong>, ktorej cie\u013eom je zjednoti\u0165 pravidl\u00e1 a \u0161tandardy pre zdie\u013eanie d\u00e1t v r\u00e1mci celej E\u00da, \u010d\u00edm sa v\u00fdrazne zjednodu\u0161\u00ed pr\u00edstup pre mal\u00e9 a stredn\u00e9 podniky.<\/li>\n<\/ul>\n\n\n\n<h2 class=\"wp-block-heading\">3. Cielen\u00e1 adopcia AI v strategick\u00fdch sektoroch<\/h2>\n\n\n\n<p>Doteraz len necel\u00fdch 14 % eur\u00f3pskych firiem vyu\u017e\u00edva AI vo svojom podnikan\u00ed. Aby sme tento podiel z\u00e1sadne zv\u00fd\u0161ili, Komisia pripravila:<\/p>\n\n\n\n<ul class=\"wp-block-list\">\n<li><strong>Apply AI Strategy<\/strong>, ktor\u00e1 cieli na k\u013e\u00fa\u010dov\u00e9 odvetvia: zdravotn\u00edctvo, automobilov\u00fd priemysel, energetiku aj verejn\u00fa spr\u00e1vu.<\/li>\n\n\n\n<li>Vyu\u017eitie siete <strong>European Digital Innovation Hubs (EDIH)<\/strong> ako kontaktn\u00fdch bodov, kde podniky n\u00e1jdu odborn\u00fa podporu, \u0161kolenia a praktick\u00e9 uk\u00e1\u017eky nasadenia AI rie\u0161en\u00ed.<\/li>\n<\/ul>\n\n\n\n<h2 class=\"wp-block-heading\">4. Rozvoj talentov a zru\u010dnost\u00ed<\/h2>\n\n\n\n<p>Eur\u00f3psky trh pr\u00e1ce \u010del\u00ed nedostatku \u0161pecialistov na AI. Na odstr\u00e1nenie tejto bari\u00e9ry Komisia:<\/p>\n\n\n\n<ul class=\"wp-block-list\">\n<li>Spustila iniciat\u00edvy <strong>Talent Pool<\/strong> a <strong>AI Skills Academy<\/strong>, ktor\u00e9 pon\u00fakaj\u00fa granty, \u0161tipendi\u00e1 a rekvalifika\u010dn\u00e9 programy.<\/li>\n\n\n\n<li>Roz\u0161\u00edrila program Marie Sk\u0142odowska-Curie Actions na podporu zahrani\u010dn\u00fdch expertov a mlad\u00fdch v\u00fdskumn\u00edkov. Cie\u013eom je pril\u00e1ka\u0165 t\u00fdch najlep\u0161\u00edch z cel\u00e9ho sveta \u2013 a z\u00e1rove\u0148 udr\u017ea\u0165 talenty v E\u00da.<\/li>\n<\/ul>\n\n\n\n<h2 class=\"wp-block-heading\">5. Jednoduch\u0161ia regul\u00e1cia<\/h2>\n\n\n\n<p>S pr\u00edchodom <strong>AI Act<\/strong> (\u00fa\u010dinn\u00fd od augusta 2024) vzr\u00e1stla pr\u00e1vna istota pre v\u00fdvoj\u00e1rov aj pou\u017e\u00edvate\u013eov AI. Teraz Komisia zav\u00e1dza:<\/p>\n\n\n\n<ul class=\"wp-block-list\">\n<li><strong>AI Act Service Desk<\/strong> \u2013 centr\u00e1lnu kontaktn\u00fa jednotku, ktor\u00e1 poskytne podnikate\u013eom praktick\u00e9 usmernenia, \u0161kolenia a podporu pri implement\u00e1cii nov\u00fdch pravidiel.<\/li>\n\n\n\n<li>Spresnenie eur\u00f3pskych \u0161tandardov v spolupr\u00e1ci s priemyslom a akademickou sf\u00e9rou, aby sa zn\u00ed\u017eila administrat\u00edvna z\u00e1\u0165a\u017e a ur\u00fdchlila inov\u00e1cia.<\/li>\n<\/ul>\n\n\n\n<figure class=\"wp-block-image size-large\"><img loading=\"lazy\" decoding=\"async\" width=\"1024\" height=\"585\" src=\"https:\/\/www.irpcservis.sk\/wp-content\/uploads\/2025\/05\/EU-AI-Act-post-1024x585.jpg\" alt=\"eu logo with DALL-E, logo eu vyobrazene ako \u010dip \" class=\"wp-image-339\" title=\"post eu image cip\" srcset=\"https:\/\/www.irpcservis.sk\/wp-content\/uploads\/2025\/05\/EU-AI-Act-post-1024x585.jpg 1024w, https:\/\/www.irpcservis.sk\/wp-content\/uploads\/2025\/05\/EU-AI-Act-post-300x172.jpg 300w, https:\/\/www.irpcservis.sk\/wp-content\/uploads\/2025\/05\/EU-AI-Act-post-768x439.jpg 768w, https:\/\/www.irpcservis.sk\/wp-content\/uploads\/2025\/05\/EU-AI-Act-post.jpg 1200w\" sizes=\"auto, (max-width: 1024px) 100vw, 1024px\" \/><figcaption class=\"wp-element-caption\"><em><sub>image: DALL-E 3 prompted by The Decoder<\/sub><\/em><\/figcaption><\/figure>\n\n\n\n<h3 class=\"wp-block-heading\">\u010co n\u00e1s \u010dak\u00e1 \u010falej?<\/h3>\n\n\n\n<ol class=\"wp-block-list\">\n<li><strong>Verejn\u00e9 konzult\u00e1cie<\/strong>:\n<ul class=\"wp-block-list\">\n<li>Do 4. j\u00fana 2025 sa m\u00f4\u017eu zapoji\u0165 firmy a odborn\u00edci v diskusi\u00e1ch o <strong>Cloud and AI Development Act<\/strong> a <strong>Apply AI Strategy<\/strong>.<\/li>\n\n\n\n<li>K strat\u00e9gie Data Union sa spust\u00ed samostatn\u00e1 konzult\u00e1cia u\u017e v m\u00e1ji 2025.<\/li>\n<\/ul>\n<\/li>\n\n\n\n<li><strong>Partnerstv\u00e1 s priemyslom<\/strong>: Dial\u00f3gy s v\u00fdrobcami, univerzitami a startupmi pom\u00f4\u017eu doladi\u0165 detaily a zabezpe\u010di\u0165 r\u00fdchle nasadenie nov\u00fdch rie\u0161en\u00ed.<\/li>\n\n\n\n<li><strong>Invest\u00edcie<\/strong>: Po spusten\u00ed prv\u00fdch AI Factory o\u010dak\u00e1vame vlnu startupov a pilotn\u00fdch projektov v celej Eur\u00f3pe \u2013 od auton\u00f3mnych vozidiel a\u017e po personalizovan\u00fa medic\u00ednu.<\/li>\n<\/ol>\n\n\n\n<h3 class=\"wp-block-heading\">Pre\u010do by v\u00e1s to malo zauj\u00edma\u0165?<\/h3>\n\n\n\n<ul class=\"wp-block-list\">\n<li><strong>Podnikatelia<\/strong> z\u00edskaj\u00fa pr\u00edstup k \u0161pi\u010dkov\u00fdm v\u00fdpo\u010dtov\u00fdm zdrojom a d\u00e1tam bez nutnosti obrovsk\u00fdch vlastn\u00fdch invest\u00edci\u00ed.<\/li>\n\n\n\n<li><strong>V\u00fdvoj\u00e1ri<\/strong> a <strong>vedci<\/strong> n\u00e1jdu nov\u00e9 granty, infra\u0161trukt\u00faru a pr\u00edle\u017eitosti na spolupr\u00e1cu s popredn\u00fdmi eur\u00f3pskymi centrami.<\/li>\n\n\n\n<li><strong>Ob\u010dania<\/strong> bud\u00fa profitova\u0165 z lep\u0161\u00edch slu\u017eieb \u2013 napr\u00edklad v zdravotnej starostlivosti \u010di energetickej efekt\u00edvnosti.<\/li>\n<\/ul>\n\n\n\n<h3 class=\"wp-block-heading\">\u010casov\u00fd v\u00fdvoj &#8222;AI ACT&#8220;<\/h3>\n\n\n\n<ul class=\"wp-block-list\">\n<li><strong>1. augusta 2024<\/strong> vst\u00fapil do platnosti AI Act.<\/li>\n\n\n\n<li><strong>24. janu\u00e1ra 2024<\/strong>: bal\u00edk opatren\u00ed pre startupy a MSP na podporu d\u00f4veryhodnej AI.<\/li>\n\n\n\n<li><strong>9. j\u00fala 2024<\/strong>: vstup do platnosti novej regul\u00e1cie EuroHPC JU, umo\u017e\u0148uj\u00facej vznik AI Factory.<\/li>\n\n\n\n<li><strong>10. decembra 2024<\/strong> a <strong>12. marca 2025<\/strong>: v\u00fdber konsorci\u00ed na zriadenie AI Factory.<\/li>\n\n\n\n<li><strong>11. febru\u00e1ra 2025<\/strong>: na AI Action Summite v Par\u00ed\u017ei ozn\u00e1men\u00e9 <strong>InvestAI<\/strong> s cie\u013eom privies\u0165 200 mili\u00e1rd \u20ac invest\u00edci\u00ed do AI v E\u00da<\/li>\n<\/ul>\n\n\n\n<blockquote class=\"wp-block-quote is-layout-flow wp-block-quote-is-layout-flow\">\n<p>\u201eU umel\u00e1 inteligencia je k\u013e\u00fa\u010dom k v\u00e4\u010d\u0161ej konkurencieschopnosti, bezpe\u010dnosti a technologickej suverenite Eur\u00f3py. Glob\u00e1lna s\u00fa\u0165a\u017e o AI st\u00e1le pokra\u010duje. \u010cas na konanie je teraz. Tento Ak\u010dn\u00fd pl\u00e1n ur\u010duje hlavn\u00e9 oblasti, kde treba intenz\u00edvne p\u00f4sobi\u0165, aby sa Eur\u00f3pa stala ved\u00facim kontinentom v AI. Smerujeme k bud\u00facnosti, kde technologick\u00e9 inov\u00e1cie poh\u00e1\u0148aj\u00fa priemysel a verejn\u00e9 slu\u017eby, prin\u00e1\u0161aj\u00fa konkr\u00e9tne v\u00fdhody na\u0161im ob\u010danom a podnikate\u013eom.\u201c<br>\u2013 Henna Virkkunen, v\u00fdkonn\u00e1 podpredsedn\u00ed\u010dka pre technologick\u00fa suverenitu, bezpe\u010dnos\u0165 a demokraciu (09.04.2025)<\/p>\n<\/blockquote>\n\n\n\n<p><\/p>\n\n\n\n<p><strong><em>Tla\u010dov\u00e1 spr\u00e1va v PDF:<\/em><\/strong> <a href=\"https:\/\/ec.europa.eu\/commission\/presscorner\/api\/files\/document\/print\/en\/ip_25_1013\/IP_25_1013_EN.pdf\">https:\/\/ec.europa.eu\/commission\/presscorner\/api\/files\/document\/print\/en\/ip_25_1013\/IP_25_1013_EN.pdf<\/a><\/p>\n\n\n\n<p><em>zdroj: <\/em><a href=\"https:\/\/ec.europa.eu\/commission\/presscorner\/detail\/en\/ip_25_1013?utm_source=chatgpt.com\">https:\/\/ec.europa.eu\/commission\/presscorner\/detail\/en\/ip_25_1013?utm_source=chatgpt.com<\/a><\/p>\n\n\n\n<p><em>zdroj: <a href=\"https:\/\/the-decoder.com\/eu-ai-act-a-deep-dive-into-europes-bold-move-to-regulate-artificial-intelligence\/\">https:\/\/the-decoder.com\/eu-ai-act-a-deep-dive-into-europes-bold-move-to-regulate-artificial-intelligence\/<\/a><\/em><\/p>\n\n\n\n<p><\/p>\n","protected":false},"excerpt":{"rendered":"<p>V apr\u00edli 2025 Eur\u00f3pska komisia predstavila ambici\u00f3zny Ak\u010dn\u00fd pl\u00e1n \u201eAI Continent\u201c, ktor\u00e9ho cie\u013eom je pretvori\u0165 Eur\u00f3pu na ved\u00faci kontinent v oblasti umelej inteligencie. Pre na\u0161ich \u010ditate\u013eov som pripravila detailn\u00fd poh\u013ead na p\u00e4\u0165 hlavn\u00fdch pilierov tohto pl\u00e1nu, jeho praktick\u00e9 dopady a to, \u010do m\u00f4\u017eeme o\u010dak\u00e1va\u0165 v najbli\u017e\u0161\u00edch mesiacoch a rokoch.<\/p>\n","protected":false},"author":1,"featured_media":338,"comment_status":"open","ping_status":"open","sticky":false,"template":"","format":"standard","meta":{"footnotes":""},"categories":[7,45],"tags":[53,52,54,56,55,9,28],"class_list":["post-337","post","type-post","status-publish","format-standard","has-post-thumbnail","hentry","category-blog","category-domovclanky","tag-aicontinent","tag-eu","tag-europ","tag-servis-2","tag-slovakia","tag-ai","tag-servis"],"yoast_head":"<!-- This site is optimized with the Yoast SEO plugin v26.9 - https:\/\/yoast.com\/product\/yoast-seo-wordpress\/ -->\n<title>Eur\u00f3pa sa chyst\u00e1 do \u010dela glob\u00e1lnej AI revol\u00facie<\/title>\n<meta name=\"description\" content=\"V apr\u00edli 2025 Eur\u00f3pska komisia predstavila ambici\u00f3zny Ak\u010dn\u00fd pl\u00e1n \u201eAI Continent\u201c, ktor\u00e9ho cie\u013eom je pretvori\u0165 Eur\u00f3pu na ved\u00faci kontinent v oblasti umelej inteligencie. Pre na\u0161ich \u010ditate\u013eov som pripravila detailn\u00fd poh\u013ead na p\u00e4\u0165 hlavn\u00fdch pilierov tohto pl\u00e1nu, jeho praktick\u00e9 dopady a to, \u010do m\u00f4\u017eeme o\u010dak\u00e1va\u0165 v najbli\u017e\u0161\u00edch mesiacoch a rokoch.\" \/>\n<meta name=\"robots\" content=\"index, follow, max-snippet:-1, max-image-preview:large, max-video-preview:-1\" \/>\n<link rel=\"canonical\" href=\"https:\/\/www.irpcservis.sk\/index.php\/2025\/05\/12\/ako-sa-europa-chysta-do-cela-globalnej-ai-revolucie-akcny-plan-ai-continent\/\" \/>\n<meta property=\"og:locale\" content=\"sk_SK\" \/>\n<meta property=\"og:type\" content=\"article\" \/>\n<meta property=\"og:title\" content=\"Eur\u00f3pa sa chyst\u00e1 do \u010dela glob\u00e1lnej AI revol\u00facie\" \/>\n<meta property=\"og:description\" content=\"V apr\u00edli 2025 Eur\u00f3pska komisia predstavila ambici\u00f3zny Ak\u010dn\u00fd pl\u00e1n \u201eAI Continent\u201c, ktor\u00e9ho cie\u013eom je pretvori\u0165 Eur\u00f3pu na ved\u00faci kontinent v oblasti umelej inteligencie. Pre na\u0161ich \u010ditate\u013eov som pripravila detailn\u00fd poh\u013ead na p\u00e4\u0165 hlavn\u00fdch pilierov tohto pl\u00e1nu, jeho praktick\u00e9 dopady a to, \u010do m\u00f4\u017eeme o\u010dak\u00e1va\u0165 v najbli\u017e\u0161\u00edch mesiacoch a rokoch.\" \/>\n<meta property=\"og:url\" content=\"https:\/\/www.irpcservis.sk\/index.php\/2025\/05\/12\/ako-sa-europa-chysta-do-cela-globalnej-ai-revolucie-akcny-plan-ai-continent\/\" \/>\n<meta property=\"og:site_name\" content=\"iRPC-Servis | Robime IT a servis vypoctovej techniky\" \/>\n<meta property=\"article:publisher\" content=\"https:\/\/www.facebook.com\/irpc.servis?ref=aymt_homepage_panel\" \/>\n<meta property=\"article:published_time\" content=\"2025-05-12T19:20:12+00:00\" \/>\n<meta property=\"article:modified_time\" content=\"2025-05-12T19:21:32+00:00\" \/>\n<meta property=\"og:image\" content=\"https:\/\/www.irpcservis.sk\/wp-content\/uploads\/2025\/05\/AI-factories-visuals.jpg\" \/>\n\t<meta property=\"og:image:width\" content=\"1984\" \/>\n\t<meta property=\"og:image:height\" content=\"992\" \/>\n\t<meta property=\"og:image:type\" content=\"image\/jpeg\" \/>\n<meta name=\"author\" content=\"Richard\" \/>\n<meta name=\"twitter:card\" content=\"summary_large_image\" \/>\n<meta name=\"twitter:label1\" content=\"Autor\" \/>\n\t<meta name=\"twitter:data1\" content=\"Richard\" \/>\n\t<meta name=\"twitter:label2\" content=\"Predpokladan\u00fd \u010das \u010d\u00edtania\" \/>\n\t<meta name=\"twitter:data2\" content=\"5 min\u00fat\" \/>\n<script type=\"application\/ld+json\" class=\"yoast-schema-graph\">{\"@context\":\"https:\/\/schema.org\",\"@graph\":[{\"@type\":\"Article\",\"@id\":\"https:\/\/www.irpcservis.sk\/index.php\/2025\/05\/12\/ako-sa-europa-chysta-do-cela-globalnej-ai-revolucie-akcny-plan-ai-continent\/#article\",\"isPartOf\":{\"@id\":\"https:\/\/www.irpcservis.sk\/index.php\/2025\/05\/12\/ako-sa-europa-chysta-do-cela-globalnej-ai-revolucie-akcny-plan-ai-continent\/\"},\"author\":{\"name\":\"Richard\",\"@id\":\"https:\/\/www.irpcservis.sk\/#\/schema\/person\/b68f066ccec167ebbcc00d062030b47d\"},\"headline\":\"Ako sa Eur\u00f3pa chyst\u00e1 do \u010dela glob\u00e1lnej AI revol\u00facie: Ak\u010dn\u00fd pl\u00e1n \u201eAI Continent\u201c\",\"datePublished\":\"2025-05-12T19:20:12+00:00\",\"dateModified\":\"2025-05-12T19:21:32+00:00\",\"mainEntityOfPage\":{\"@id\":\"https:\/\/www.irpcservis.sk\/index.php\/2025\/05\/12\/ako-sa-europa-chysta-do-cela-globalnej-ai-revolucie-akcny-plan-ai-continent\/\"},\"wordCount\":998,\"commentCount\":0,\"publisher\":{\"@id\":\"https:\/\/www.irpcservis.sk\/#organization\"},\"image\":{\"@id\":\"https:\/\/www.irpcservis.sk\/index.php\/2025\/05\/12\/ako-sa-europa-chysta-do-cela-globalnej-ai-revolucie-akcny-plan-ai-continent\/#primaryimage\"},\"thumbnailUrl\":\"https:\/\/www.irpcservis.sk\/wp-content\/uploads\/2025\/05\/AI-factories-visuals.jpg\",\"keywords\":[\"#AIContinent\",\"#EU\",\"#europ\",\"#servis\",\"#slovakia\",\"AI\",\"servis\"],\"articleSection\":[\"Blog\",\"Domovska stranka clanky\"],\"inLanguage\":\"sk-SK\",\"potentialAction\":[{\"@type\":\"CommentAction\",\"name\":\"Comment\",\"target\":[\"https:\/\/www.irpcservis.sk\/index.php\/2025\/05\/12\/ako-sa-europa-chysta-do-cela-globalnej-ai-revolucie-akcny-plan-ai-continent\/#respond\"]}]},{\"@type\":\"WebPage\",\"@id\":\"https:\/\/www.irpcservis.sk\/index.php\/2025\/05\/12\/ako-sa-europa-chysta-do-cela-globalnej-ai-revolucie-akcny-plan-ai-continent\/\",\"url\":\"https:\/\/www.irpcservis.sk\/index.php\/2025\/05\/12\/ako-sa-europa-chysta-do-cela-globalnej-ai-revolucie-akcny-plan-ai-continent\/\",\"name\":\"Eur\u00f3pa sa chyst\u00e1 do \u010dela glob\u00e1lnej AI revol\u00facie\",\"isPartOf\":{\"@id\":\"https:\/\/www.irpcservis.sk\/#website\"},\"primaryImageOfPage\":{\"@id\":\"https:\/\/www.irpcservis.sk\/index.php\/2025\/05\/12\/ako-sa-europa-chysta-do-cela-globalnej-ai-revolucie-akcny-plan-ai-continent\/#primaryimage\"},\"image\":{\"@id\":\"https:\/\/www.irpcservis.sk\/index.php\/2025\/05\/12\/ako-sa-europa-chysta-do-cela-globalnej-ai-revolucie-akcny-plan-ai-continent\/#primaryimage\"},\"thumbnailUrl\":\"https:\/\/www.irpcservis.sk\/wp-content\/uploads\/2025\/05\/AI-factories-visuals.jpg\",\"datePublished\":\"2025-05-12T19:20:12+00:00\",\"dateModified\":\"2025-05-12T19:21:32+00:00\",\"description\":\"V apr\u00edli 2025 Eur\u00f3pska komisia predstavila ambici\u00f3zny Ak\u010dn\u00fd pl\u00e1n \u201eAI Continent\u201c, ktor\u00e9ho cie\u013eom je pretvori\u0165 Eur\u00f3pu na ved\u00faci kontinent v oblasti umelej inteligencie. Pre na\u0161ich \u010ditate\u013eov som pripravila detailn\u00fd poh\u013ead na p\u00e4\u0165 hlavn\u00fdch pilierov tohto pl\u00e1nu, jeho praktick\u00e9 dopady a to, \u010do m\u00f4\u017eeme o\u010dak\u00e1va\u0165 v najbli\u017e\u0161\u00edch mesiacoch a rokoch.\",\"breadcrumb\":{\"@id\":\"https:\/\/www.irpcservis.sk\/index.php\/2025\/05\/12\/ako-sa-europa-chysta-do-cela-globalnej-ai-revolucie-akcny-plan-ai-continent\/#breadcrumb\"},\"inLanguage\":\"sk-SK\",\"potentialAction\":[{\"@type\":\"ReadAction\",\"target\":[\"https:\/\/www.irpcservis.sk\/index.php\/2025\/05\/12\/ako-sa-europa-chysta-do-cela-globalnej-ai-revolucie-akcny-plan-ai-continent\/\"]}]},{\"@type\":\"ImageObject\",\"inLanguage\":\"sk-SK\",\"@id\":\"https:\/\/www.irpcservis.sk\/index.php\/2025\/05\/12\/ako-sa-europa-chysta-do-cela-globalnej-ai-revolucie-akcny-plan-ai-continent\/#primaryimage\",\"url\":\"https:\/\/www.irpcservis.sk\/wp-content\/uploads\/2025\/05\/AI-factories-visuals.jpg\",\"contentUrl\":\"https:\/\/www.irpcservis.sk\/wp-content\/uploads\/2025\/05\/AI-factories-visuals.jpg\",\"width\":1984,\"height\":992,\"caption\":\"AI EU factories\"},{\"@type\":\"BreadcrumbList\",\"@id\":\"https:\/\/www.irpcservis.sk\/index.php\/2025\/05\/12\/ako-sa-europa-chysta-do-cela-globalnej-ai-revolucie-akcny-plan-ai-continent\/#breadcrumb\",\"itemListElement\":[{\"@type\":\"ListItem\",\"position\":1,\"name\":\"Home\",\"item\":\"https:\/\/www.irpcservis.sk\/\"},{\"@type\":\"ListItem\",\"position\":2,\"name\":\"Ako sa Eur\u00f3pa chyst\u00e1 do \u010dela glob\u00e1lnej AI revol\u00facie: Ak\u010dn\u00fd pl\u00e1n \u201eAI Continent\u201c\"}]},{\"@type\":\"WebSite\",\"@id\":\"https:\/\/www.irpcservis.sk\/#website\",\"url\":\"https:\/\/www.irpcservis.sk\/\",\"name\":\"iRPC-Servis | Robime IT a servis vypoctovej techniky\",\"description\":\"Bav\u00ed n\u00e1s IT\",\"publisher\":{\"@id\":\"https:\/\/www.irpcservis.sk\/#organization\"},\"alternateName\":\"iRPC-Servis | Robime IT a servis vypoctovej techniky\",\"potentialAction\":[{\"@type\":\"SearchAction\",\"target\":{\"@type\":\"EntryPoint\",\"urlTemplate\":\"https:\/\/www.irpcservis.sk\/?s={search_term_string}\"},\"query-input\":{\"@type\":\"PropertyValueSpecification\",\"valueRequired\":true,\"valueName\":\"search_term_string\"}}],\"inLanguage\":\"sk-SK\"},{\"@type\":\"Organization\",\"@id\":\"https:\/\/www.irpcservis.sk\/#organization\",\"name\":\"iRPC-Servis | Robime IT a servis vypoctovej techniky\",\"alternateName\":\"iRPC-Servis | Robime IT a servis vypoctovej techniky\",\"url\":\"https:\/\/www.irpcservis.sk\/\",\"logo\":{\"@type\":\"ImageObject\",\"inLanguage\":\"sk-SK\",\"@id\":\"https:\/\/www.irpcservis.sk\/#\/schema\/logo\/image\/\",\"url\":\"https:\/\/www.irpcservis.sk\/wp-content\/uploads\/2024\/10\/cropped-irpcservis-\u2013-google-profilovka.png\",\"contentUrl\":\"https:\/\/www.irpcservis.sk\/wp-content\/uploads\/2024\/10\/cropped-irpcservis-\u2013-google-profilovka.png\",\"width\":250,\"height\":143,\"caption\":\"iRPC-Servis | Robime IT a servis vypoctovej techniky\"},\"image\":{\"@id\":\"https:\/\/www.irpcservis.sk\/#\/schema\/logo\/image\/\"},\"sameAs\":[\"https:\/\/www.facebook.com\/irpc.servis?ref=aymt_homepage_panel\",\"https:\/\/www.instagram.com\/i.r.pc\/\",\"https:\/\/maps.app.goo.gl\/fWUH1TbTjopig5C46\"]},{\"@type\":\"Person\",\"@id\":\"https:\/\/www.irpcservis.sk\/#\/schema\/person\/b68f066ccec167ebbcc00d062030b47d\",\"name\":\"Richard\",\"image\":{\"@type\":\"ImageObject\",\"inLanguage\":\"sk-SK\",\"@id\":\"https:\/\/www.irpcservis.sk\/#\/schema\/person\/image\/\",\"url\":\"https:\/\/secure.gravatar.com\/avatar\/1fb473d8e0584860938fba7ce3cf54a50129ed145258d7bccb224198d3d6cd9d?s=96&d=mm&r=g\",\"contentUrl\":\"https:\/\/secure.gravatar.com\/avatar\/1fb473d8e0584860938fba7ce3cf54a50129ed145258d7bccb224198d3d6cd9d?s=96&d=mm&r=g\",\"caption\":\"Richard\"},\"sameAs\":[\"https:\/\/www.irpcservis.sk\/richardWP\"],\"url\":\"https:\/\/www.irpcservis.sk\/index.php\/author\/ricmond02\/\"}]}<\/script>\n<!-- \/ Yoast SEO plugin. -->","yoast_head_json":{"title":"Eur\u00f3pa sa chyst\u00e1 do \u010dela glob\u00e1lnej AI revol\u00facie","description":"V apr\u00edli 2025 Eur\u00f3pska komisia predstavila ambici\u00f3zny Ak\u010dn\u00fd pl\u00e1n \u201eAI Continent\u201c, ktor\u00e9ho cie\u013eom je pretvori\u0165 Eur\u00f3pu na ved\u00faci kontinent v oblasti umelej inteligencie. Pre na\u0161ich \u010ditate\u013eov som pripravila detailn\u00fd poh\u013ead na p\u00e4\u0165 hlavn\u00fdch pilierov tohto pl\u00e1nu, jeho praktick\u00e9 dopady a to, \u010do m\u00f4\u017eeme o\u010dak\u00e1va\u0165 v najbli\u017e\u0161\u00edch mesiacoch a rokoch.","robots":{"index":"index","follow":"follow","max-snippet":"max-snippet:-1","max-image-preview":"max-image-preview:large","max-video-preview":"max-video-preview:-1"},"canonical":"https:\/\/www.irpcservis.sk\/index.php\/2025\/05\/12\/ako-sa-europa-chysta-do-cela-globalnej-ai-revolucie-akcny-plan-ai-continent\/","og_locale":"sk_SK","og_type":"article","og_title":"Eur\u00f3pa sa chyst\u00e1 do \u010dela glob\u00e1lnej AI revol\u00facie","og_description":"V apr\u00edli 2025 Eur\u00f3pska komisia predstavila ambici\u00f3zny Ak\u010dn\u00fd pl\u00e1n \u201eAI Continent\u201c, ktor\u00e9ho cie\u013eom je pretvori\u0165 Eur\u00f3pu na ved\u00faci kontinent v oblasti umelej inteligencie. Pre na\u0161ich \u010ditate\u013eov som pripravila detailn\u00fd poh\u013ead na p\u00e4\u0165 hlavn\u00fdch pilierov tohto pl\u00e1nu, jeho praktick\u00e9 dopady a to, \u010do m\u00f4\u017eeme o\u010dak\u00e1va\u0165 v najbli\u017e\u0161\u00edch mesiacoch a rokoch.","og_url":"https:\/\/www.irpcservis.sk\/index.php\/2025\/05\/12\/ako-sa-europa-chysta-do-cela-globalnej-ai-revolucie-akcny-plan-ai-continent\/","og_site_name":"iRPC-Servis | Robime IT a servis vypoctovej techniky","article_publisher":"https:\/\/www.facebook.com\/irpc.servis?ref=aymt_homepage_panel","article_published_time":"2025-05-12T19:20:12+00:00","article_modified_time":"2025-05-12T19:21:32+00:00","og_image":[{"width":1984,"height":992,"url":"https:\/\/www.irpcservis.sk\/wp-content\/uploads\/2025\/05\/AI-factories-visuals.jpg","type":"image\/jpeg"}],"author":"Richard","twitter_card":"summary_large_image","twitter_misc":{"Autor":"Richard","Predpokladan\u00fd \u010das \u010d\u00edtania":"5 min\u00fat"},"schema":{"@context":"https:\/\/schema.org","@graph":[{"@type":"Article","@id":"https:\/\/www.irpcservis.sk\/index.php\/2025\/05\/12\/ako-sa-europa-chysta-do-cela-globalnej-ai-revolucie-akcny-plan-ai-continent\/#article","isPartOf":{"@id":"https:\/\/www.irpcservis.sk\/index.php\/2025\/05\/12\/ako-sa-europa-chysta-do-cela-globalnej-ai-revolucie-akcny-plan-ai-continent\/"},"author":{"name":"Richard","@id":"https:\/\/www.irpcservis.sk\/#\/schema\/person\/b68f066ccec167ebbcc00d062030b47d"},"headline":"Ako sa Eur\u00f3pa chyst\u00e1 do \u010dela glob\u00e1lnej AI revol\u00facie: Ak\u010dn\u00fd pl\u00e1n \u201eAI Continent\u201c","datePublished":"2025-05-12T19:20:12+00:00","dateModified":"2025-05-12T19:21:32+00:00","mainEntityOfPage":{"@id":"https:\/\/www.irpcservis.sk\/index.php\/2025\/05\/12\/ako-sa-europa-chysta-do-cela-globalnej-ai-revolucie-akcny-plan-ai-continent\/"},"wordCount":998,"commentCount":0,"publisher":{"@id":"https:\/\/www.irpcservis.sk\/#organization"},"image":{"@id":"https:\/\/www.irpcservis.sk\/index.php\/2025\/05\/12\/ako-sa-europa-chysta-do-cela-globalnej-ai-revolucie-akcny-plan-ai-continent\/#primaryimage"},"thumbnailUrl":"https:\/\/www.irpcservis.sk\/wp-content\/uploads\/2025\/05\/AI-factories-visuals.jpg","keywords":["#AIContinent","#EU","#europ","#servis","#slovakia","AI","servis"],"articleSection":["Blog","Domovska stranka clanky"],"inLanguage":"sk-SK","potentialAction":[{"@type":"CommentAction","name":"Comment","target":["https:\/\/www.irpcservis.sk\/index.php\/2025\/05\/12\/ako-sa-europa-chysta-do-cela-globalnej-ai-revolucie-akcny-plan-ai-continent\/#respond"]}]},{"@type":"WebPage","@id":"https:\/\/www.irpcservis.sk\/index.php\/2025\/05\/12\/ako-sa-europa-chysta-do-cela-globalnej-ai-revolucie-akcny-plan-ai-continent\/","url":"https:\/\/www.irpcservis.sk\/index.php\/2025\/05\/12\/ako-sa-europa-chysta-do-cela-globalnej-ai-revolucie-akcny-plan-ai-continent\/","name":"Eur\u00f3pa sa chyst\u00e1 do \u010dela glob\u00e1lnej AI revol\u00facie","isPartOf":{"@id":"https:\/\/www.irpcservis.sk\/#website"},"primaryImageOfPage":{"@id":"https:\/\/www.irpcservis.sk\/index.php\/2025\/05\/12\/ako-sa-europa-chysta-do-cela-globalnej-ai-revolucie-akcny-plan-ai-continent\/#primaryimage"},"image":{"@id":"https:\/\/www.irpcservis.sk\/index.php\/2025\/05\/12\/ako-sa-europa-chysta-do-cela-globalnej-ai-revolucie-akcny-plan-ai-continent\/#primaryimage"},"thumbnailUrl":"https:\/\/www.irpcservis.sk\/wp-content\/uploads\/2025\/05\/AI-factories-visuals.jpg","datePublished":"2025-05-12T19:20:12+00:00","dateModified":"2025-05-12T19:21:32+00:00","description":"V apr\u00edli 2025 Eur\u00f3pska komisia predstavila ambici\u00f3zny Ak\u010dn\u00fd pl\u00e1n \u201eAI Continent\u201c, ktor\u00e9ho cie\u013eom je pretvori\u0165 Eur\u00f3pu na ved\u00faci kontinent v oblasti umelej inteligencie. Pre na\u0161ich \u010ditate\u013eov som pripravila detailn\u00fd poh\u013ead na p\u00e4\u0165 hlavn\u00fdch pilierov tohto pl\u00e1nu, jeho praktick\u00e9 dopady a to, \u010do m\u00f4\u017eeme o\u010dak\u00e1va\u0165 v najbli\u017e\u0161\u00edch mesiacoch a rokoch.","breadcrumb":{"@id":"https:\/\/www.irpcservis.sk\/index.php\/2025\/05\/12\/ako-sa-europa-chysta-do-cela-globalnej-ai-revolucie-akcny-plan-ai-continent\/#breadcrumb"},"inLanguage":"sk-SK","potentialAction":[{"@type":"ReadAction","target":["https:\/\/www.irpcservis.sk\/index.php\/2025\/05\/12\/ako-sa-europa-chysta-do-cela-globalnej-ai-revolucie-akcny-plan-ai-continent\/"]}]},{"@type":"ImageObject","inLanguage":"sk-SK","@id":"https:\/\/www.irpcservis.sk\/index.php\/2025\/05\/12\/ako-sa-europa-chysta-do-cela-globalnej-ai-revolucie-akcny-plan-ai-continent\/#primaryimage","url":"https:\/\/www.irpcservis.sk\/wp-content\/uploads\/2025\/05\/AI-factories-visuals.jpg","contentUrl":"https:\/\/www.irpcservis.sk\/wp-content\/uploads\/2025\/05\/AI-factories-visuals.jpg","width":1984,"height":992,"caption":"AI EU factories"},{"@type":"BreadcrumbList","@id":"https:\/\/www.irpcservis.sk\/index.php\/2025\/05\/12\/ako-sa-europa-chysta-do-cela-globalnej-ai-revolucie-akcny-plan-ai-continent\/#breadcrumb","itemListElement":[{"@type":"ListItem","position":1,"name":"Home","item":"https:\/\/www.irpcservis.sk\/"},{"@type":"ListItem","position":2,"name":"Ako sa Eur\u00f3pa chyst\u00e1 do \u010dela glob\u00e1lnej AI revol\u00facie: Ak\u010dn\u00fd pl\u00e1n \u201eAI Continent\u201c"}]},{"@type":"WebSite","@id":"https:\/\/www.irpcservis.sk\/#website","url":"https:\/\/www.irpcservis.sk\/","name":"iRPC-Servis | Robime IT a servis vypoctovej techniky","description":"Bav\u00ed n\u00e1s IT","publisher":{"@id":"https:\/\/www.irpcservis.sk\/#organization"},"alternateName":"iRPC-Servis | Robime IT a servis vypoctovej techniky","potentialAction":[{"@type":"SearchAction","target":{"@type":"EntryPoint","urlTemplate":"https:\/\/www.irpcservis.sk\/?s={search_term_string}"},"query-input":{"@type":"PropertyValueSpecification","valueRequired":true,"valueName":"search_term_string"}}],"inLanguage":"sk-SK"},{"@type":"Organization","@id":"https:\/\/www.irpcservis.sk\/#organization","name":"iRPC-Servis | Robime IT a servis vypoctovej techniky","alternateName":"iRPC-Servis | Robime IT a servis vypoctovej techniky","url":"https:\/\/www.irpcservis.sk\/","logo":{"@type":"ImageObject","inLanguage":"sk-SK","@id":"https:\/\/www.irpcservis.sk\/#\/schema\/logo\/image\/","url":"https:\/\/www.irpcservis.sk\/wp-content\/uploads\/2024\/10\/cropped-irpcservis-\u2013-google-profilovka.png","contentUrl":"https:\/\/www.irpcservis.sk\/wp-content\/uploads\/2024\/10\/cropped-irpcservis-\u2013-google-profilovka.png","width":250,"height":143,"caption":"iRPC-Servis | Robime IT a servis vypoctovej techniky"},"image":{"@id":"https:\/\/www.irpcservis.sk\/#\/schema\/logo\/image\/"},"sameAs":["https:\/\/www.facebook.com\/irpc.servis?ref=aymt_homepage_panel","https:\/\/www.instagram.com\/i.r.pc\/","https:\/\/maps.app.goo.gl\/fWUH1TbTjopig5C46"]},{"@type":"Person","@id":"https:\/\/www.irpcservis.sk\/#\/schema\/person\/b68f066ccec167ebbcc00d062030b47d","name":"Richard","image":{"@type":"ImageObject","inLanguage":"sk-SK","@id":"https:\/\/www.irpcservis.sk\/#\/schema\/person\/image\/","url":"https:\/\/secure.gravatar.com\/avatar\/1fb473d8e0584860938fba7ce3cf54a50129ed145258d7bccb224198d3d6cd9d?s=96&d=mm&r=g","contentUrl":"https:\/\/secure.gravatar.com\/avatar\/1fb473d8e0584860938fba7ce3cf54a50129ed145258d7bccb224198d3d6cd9d?s=96&d=mm&r=g","caption":"Richard"},"sameAs":["https:\/\/www.irpcservis.sk\/richardWP"],"url":"https:\/\/www.irpcservis.sk\/index.php\/author\/ricmond02\/"}]}},"_links":{"self":[{"href":"https:\/\/www.irpcservis.sk\/index.php\/wp-json\/wp\/v2\/posts\/337","targetHints":{"allow":["GET"]}}],"collection":[{"href":"https:\/\/www.irpcservis.sk\/index.php\/wp-json\/wp\/v2\/posts"}],"about":[{"href":"https:\/\/www.irpcservis.sk\/index.php\/wp-json\/wp\/v2\/types\/post"}],"author":[{"embeddable":true,"href":"https:\/\/www.irpcservis.sk\/index.php\/wp-json\/wp\/v2\/users\/1"}],"replies":[{"embeddable":true,"href":"https:\/\/www.irpcservis.sk\/index.php\/wp-json\/wp\/v2\/comments?post=337"}],"version-history":[{"count":3,"href":"https:\/\/www.irpcservis.sk\/index.php\/wp-json\/wp\/v2\/posts\/337\/revisions"}],"predecessor-version":[{"id":342,"href":"https:\/\/www.irpcservis.sk\/index.php\/wp-json\/wp\/v2\/posts\/337\/revisions\/342"}],"wp:featuredmedia":[{"embeddable":true,"href":"https:\/\/www.irpcservis.sk\/index.php\/wp-json\/wp\/v2\/media\/338"}],"wp:attachment":[{"href":"https:\/\/www.irpcservis.sk\/index.php\/wp-json\/wp\/v2\/media?parent=337"}],"wp:term":[{"taxonomy":"category","embeddable":true,"href":"https:\/\/www.irpcservis.sk\/index.php\/wp-json\/wp\/v2\/categories?post=337"},{"taxonomy":"post_tag","embeddable":true,"href":"https:\/\/www.irpcservis.sk\/index.php\/wp-json\/wp\/v2\/tags?post=337"}],"curies":[{"name":"wp","href":"https:\/\/api.w.org\/{rel}","templated":true}]}}